{"id":4362,"date":"2022-05-20T16:15:35","date_gmt":"2022-05-20T19:15:35","guid":{"rendered":"https:\/\/jaguarembalagens.com.br\/?p=4362"},"modified":"2025-08-25T20:54:04","modified_gmt":"2025-08-25T20:54:04","slug":"balde-15l-descubra-suas-particularidades","status":"publish","type":"post","link":"https:\/\/jaguarembalagens.com.br\/es\/balde-15l-descubra-suas-particularidades\/","title":{"rendered":"Balde 15L: Descubra suas particularidades"},"content":{"rendered":"<p>Chegou ao mercado mais um produto de lan\u00e7amento na linha de baldes industriais da Jaguar Embalagens, com potencial significativo de expans\u00e3o de clientes e de segmento:&nbsp; o balde de 15 litros.<\/p>\n\n\n\n<p>Um dos destaques da nova embalagem est\u00e1 em sua capacidade: por ser um volume novo, que antes n\u00e3o havia em linha, foi identificado o potencial para venda deste produto. Esta embalagem foi desenvolvida, visando oferecer praticidade em seu armazenamento e manuseio, com o objetivo de conquistar novos mercados.<\/p>\n\n\n\n<p>Considerado multiuso, o balde pode ser utilizado para diversos tipos de envase, tais como: produtos qu\u00edmicos, produtos aliment\u00edcios, produtos destinados ao agroneg\u00f3cio, entre outros.<\/p>\n\n\n\n<p>Pensado para ser uma embalagem industrial pr\u00e1tica, com fechamento herm\u00e9tico, contando ainda com al\u00e7as robustas, que permitem a prote\u00e7\u00e3o do produto e evitam perdas e fechamento com lacre inviol\u00e1vel, adequado para veda\u00e7\u00e3o em m\u00e1quina.<\/p>\n\n\n\n<p>A embalagem integra o mix de baldes industriais. Possui grande qualidade e resist\u00eancia, afinal, o objetivo \u00e9 garantir um item seguro durante o processo de envase do produto, no trajeto log\u00edstico e no manuseio da embalagem.<\/p>\n\n\n\n<p>O processo de desenvolvimento seguiu com a metodologia e requisitos da Associa\u00e7\u00e3o Brasileira de Normas T\u00e9cnicas (ABNT) e NBR 14952, em que profissionais especialistas realizaram testes de controles dimensionais, funcionais e de resist\u00eancia em um laborat\u00f3rio exclusivo e equipado, garantindo a qualidade total da embalagem.<\/p>\n\n\n\n<p><strong>Fa\u00e7a a sua cota\u00e7\u00e3o e conhe\u00e7a o balde 15L!<\/strong><\/p>\n\n\n\n<p>O novo balde industrial \u00e9 feito de polipropileno (PP) e tem uma capacidade de 15 litros. As dimens\u00f5es do produto s\u00e3o 307 x 307 x 288mm, seu volume O.F \u00e9 16,8 litros e sua personaliza\u00e7\u00e3o pode ser feita em serigrafia e offset.<\/p>\n\n\n\n<p>A Jaguar Embalagens n\u00e3o para de crescer! Neste m\u00eas, a empresa completou 44 anos, com uma hist\u00f3ria de dedica\u00e7\u00e3o e crescimento. Atenda \u00e0s mudan\u00e7as do mercado, moderniza\u00e7\u00e3o de equipamentos e tend\u00eancias do segmento, a empresa segue ampliando o cat\u00e1logo de produtos e a rede de parceiros.<\/p>\n\n\n\n<p>Fa\u00e7a uma cota\u00e7\u00e3o com a gente, entre em contato com a equipe de vendas por meio do e-mail vendadireta.embalagens@jaguar.ind.br ou<a href=\"https:\/\/web.whatsapp.com\/send?phone=5519997968139\"> clique aqui<\/a> para falar direto com um dos nossos especialistas. &nbsp;<\/p>","protected":false},"excerpt":{"rendered":"<p>Chegou ao mercado mais um produto de lan\u00e7amento na linha de baldes industriais da Jaguar Embalagens, com potencial significativo de expans\u00e3o de clientes e de segmento:&nbsp; o balde de 15 litros. Um dos destaques da nova embalagem est\u00e1 em sua capacidade: por ser um volume novo, que antes n\u00e3o havia em linha, foi identificado o [&hellip;]<\/p>","protected":false},"author":2,"featured_media":17364,"comment_status":"closed","ping_status":"open","sticky":false,"template":"","format":"standard","meta":{"_joinchat":[],"footnotes":""},"categories":[114],"tags":[],"class_list":["post-4362","post","type-post","status-publish","format-standard","has-post-thumbnail","hentry","category-lancamentos"],"_links":{"self":[{"href":"https:\/\/jaguarembalagens.com.br\/es\/wp-json\/wp\/v2\/posts\/4362","targetHints":{"allow":["GET"]}}],"collection":[{"href":"https:\/\/jaguarembalagens.com.br\/es\/wp-json\/wp\/v2\/posts"}],"about":[{"href":"https:\/\/jaguarembalagens.com.br\/es\/wp-json\/wp\/v2\/types\/post"}],"author":[{"embeddable":true,"href":"https:\/\/jaguarembalagens.com.br\/es\/wp-json\/wp\/v2\/users\/2"}],"replies":[{"embeddable":true,"href":"https:\/\/jaguarembalagens.com.br\/es\/wp-json\/wp\/v2\/comments?post=4362"}],"version-history":[{"count":0,"href":"https:\/\/jaguarembalagens.com.br\/es\/wp-json\/wp\/v2\/posts\/4362\/revisions"}],"wp:featuredmedia":[{"embeddable":true,"href":"https:\/\/jaguarembalagens.com.br\/es\/wp-json\/wp\/v2\/media\/17364"}],"wp:attachment":[{"href":"https:\/\/jaguarembalagens.com.br\/es\/wp-json\/wp\/v2\/media?parent=4362"}],"wp:term":[{"taxonomy":"category","embeddable":true,"href":"https:\/\/jaguarembalagens.com.br\/es\/wp-json\/wp\/v2\/categories?post=4362"},{"taxonomy":"post_tag","embeddable":true,"href":"https:\/\/jaguarembalagens.com.br\/es\/wp-json\/wp\/v2\/tags?post=4362"}],"curies":[{"name":"wp","href":"https:\/\/api.w.org\/{rel}","templated":true}]}}