{"id":5594,"date":"2022-09-02T12:28:35","date_gmt":"2022-09-02T15:28:35","guid":{"rendered":"https:\/\/jaguarembalagens.com.br\/?p=5594"},"modified":"2025-11-16T16:48:07","modified_gmt":"2025-11-16T16:48:07","slug":"participacao-da-jaguar-plasticos-em-feiras-internacionais","status":"publish","type":"post","link":"https:\/\/jaguarembalagens.com.br\/en\/participacao-da-jaguar-plasticos-em-feiras-internacionais\/","title":{"rendered":"Participa\u00e7\u00e3o da Jaguar Pl\u00e1sticos em Feiras Internacionais"},"content":{"rendered":"<p>Acreditamos na <strong>for\u00e7a do mercado brasileiro e nas oportunidades<\/strong> que se podem gerar levando nossa qualidade de trabalho ao mundo.<\/p>\n\n\n\n<p>Por isso, queremos compartilhar alguns dos momentos mais significativos dentro da Jaguar Pl\u00e1sticos. Com ajuda do time de exporta\u00e7\u00e3o, participamos nas feiras internacionais <strong>Expo Pack \u2013 M\u00e9xico<\/strong>, <strong>Latin Pack &#8211; Chile<\/strong> e a <strong>Envase \u2013 Argentina<\/strong>. Eventos que trazem mais visibilidade e credibilidade ao nosso trabalho e ao servi\u00e7o no mercado internacional.<\/p>\n\n\n\n<p><strong>O que n\u00f3s exportamos?<\/strong><\/p>\n\n\n\n<p>A Jaguar Pl\u00e1sticos \u00e9 uma empresa especializada na produ\u00e7\u00e3o de artigos pl\u00e1sticos. H\u00e1 <strong>mais de 40 anos, trabalhamos<\/strong> na nossa extensa linha de produtos nos segmentos de <strong>utilidades dom\u00e9sticas e embalagens industriais<\/strong>.<\/p>\n\n\n\n<p>Buscamos com a exporta\u00e7\u00e3o do nosso completo mix, <strong>levar solu\u00e7\u00f5es<\/strong> feitas com tecnologia de ponta, mat\u00e9ria-prima de qualidade e comprometimento com o meio ambiente. Dessa forma, atualmente a empresa <strong>exporta para mais de 20 pa\u00edses<\/strong>.<\/p>\n\n\n\n<p>Essa expans\u00e3o no mercado internacional se deve ao aumento de vendas para novos pa\u00edses e continentes, que j\u00e1 representa um crescimento quase 50% do faturamento atual.<br><br><strong>Feiras internacionais e a participa\u00e7\u00e3o da Jaguar Pl\u00e1sticos<\/strong><\/p>\n\n\n\n<p>Nos \u00faltimos meses a Jaguar Pl\u00e1sticos teve a oportunidade de <strong>participar de tr\u00eas grandes eventos<\/strong> do mercado internacional. Assim como, contaram com a presen\u00e7a dos <strong>principais l\u00edderes globais do mercado<\/strong> de mat\u00e9ria-prima, fornecedores e ind\u00fastria de embalagens.<\/p>\n\n\n\n<ul class=\"wp-block-list\">\n<li><strong>Envase Alimentek &#8211; Argentina<\/strong><\/li>\n<\/ul>\n\n\n\n<p>Essa jornada internacional come\u00e7a com a feira <a href=\"https:\/\/scm-think.com\/expo-envase-alimentek-se-realizara-en-forma-presencial-en-abril-de-2022\"><strong>Envase Alimentek<\/strong><\/a> que aconteceu em Buenos Aires (<strong>Argentina<\/strong>) entre os dias 26 e 29 de abril. O evento \u00e9 realizado a cada dois anos e re\u00fane os representantes de maior destaque da <strong>ind\u00fastria do envase e embalagem<\/strong> de n\u00edvel nacional como internacional. Esse ano contou cerca de 300 expositores e 250 estandes.<\/p>\n\n\n\n<p>Para a Jaguar, foi um <strong>privil\u00e9gio estar entre grandes players<\/strong> do mercado de mat\u00e9ria-prima, fornecedores e grandes empresas do mercado de embalagens.<\/p>\n\n\n\n<ul class=\"wp-block-list\">\n<li><strong>Expo Pack M\u00e9xico<\/strong><\/li>\n<\/ul>\n\n\n\n<p>De 14 a 17 de junho, a Jaguar Pl\u00e1sticos viajou ao M\u00e9xico para apresentar seu mix de <strong>produtos e solu\u00e7\u00f5es sustent\u00e1veis<\/strong>. Assim como, gerar networking e troca de conhecimentos com empresas de \u00e1reas similares.<\/p>\n\n\n\n<p>Isso foi poss\u00edvel na feira<strong> <\/strong><a href=\"https:\/\/www.expopackmexico.com.mx\/\"><strong>Expo Pack M\u00e9xico<\/strong><\/a>, um evento que juntou mais de 19.000 pessoas com foco em conhecer, experimentar e estabelecer contatos das <strong>melhores tecnologias em embalagens e processamento<\/strong>.<\/p>\n\n\n\n<p>Foram quatro dias em que 700 empresas de diversos pa\u00edses como Argentina, Brasil, Canad\u00e1, Fran\u00e7a, It\u00e1lia, Espanha e Estados Unidos se reuniram para mostrar a <strong>diversidade no mercado de embalagens<\/strong>, desde m\u00e1quinas, materiais e outros bens para encontrar solu\u00e7\u00f5es atuais.<\/p>\n\n\n\n<ul class=\"wp-block-list\">\n<li><strong>Latin Pack Chile 2022<\/strong><\/li>\n<\/ul>\n\n\n\n<p>J\u00e1 entre os dias 29 de junho e 1\u00ba de julho a empresa marcou presen\u00e7a na<strong> <\/strong><a href=\"https:\/\/apexbrasil.com.br\/br\/pt\/conteudo\/noticias\/Brasil-e-o-pais-convidado-da-Latin-Pack-Chile-2022.html\"><strong>Latin Pack Chile 2022<\/strong><\/a>. Evento que se realiza a cada dois anos em Santiago de Chile. Nessa edi\u00e7\u00e3o, o Brasil teve uma participa\u00e7\u00e3o especial, j\u00e1 que foram 27 empresas brasileiras que tiveram a oportunidade de participar.<\/p>\n\n\n\n<p>Essa feira teve um papel fundamental para <strong>apresentar as melhores solu\u00e7\u00f5es de embalagens e saber mais sobre a exporta\u00e7\u00e3o de pl\u00e1sticos<\/strong>. Bem como, garantiu uma boa troca de experi\u00eancias e conhecimentos com autoridades do setor.<\/p>\n\n\n\n<figure class=\"wp-block-image aligncenter size-full\"><img decoding=\"async\" src=\"https:\/\/jaguarembalagens.com.br\/wp-content\/uploads\/2022\/09\/image.png\" alt=\"\" class=\"wp-image-5595\"\/><\/figure>\n\n\n\n<p>As participa\u00e7\u00f5es nas feiras ainda n\u00e3o finalizaram neste ano. No pr\u00f3ximo m\u00eas, de 26 a 30 de setembro, estaremos presentes na <a href=\"https:\/\/www.colombiaplast.org\/\">Colombiaplast<\/a>, que ocorre em Bogot\u00e1, Col\u00f4mbia.<br><br><\/p>\n\n\n\n<p><strong>Think Plastic Brazil e a exporta\u00e7\u00e3o<\/strong><\/p>\n\n\n\n<p>Foi em parceria com a Think Plastic Brazil que participamos dessas importantes feiras internacionais.<\/p>\n\n\n\n<p>O Think Plastic Brazil, criado em dezembro de 2003, \u00e9 um programa de incentivo \u00e0 exporta\u00e7\u00e3o do pl\u00e1stico transformado brasileiro. Fruto de uma parceria entre a cadeia produtiva do pl\u00e1stico e o governo, por meio da Ag\u00eancia de Promo\u00e7\u00e3o de Exporta\u00e7\u00f5es e Investimentos \u2013&nbsp;<a href=\"http:\/\/www.apexbrasil.com.br\/home\/index\" target=\"_blank\" rel=\"noreferrer noopener\">Apex-Brasil<\/a>.<\/p>\n\n\n\n<p>Com a colabora\u00e7\u00e3o da <a href=\"https:\/\/thinkplasticbrazil.com\/think-plastic-brazil\/\">Think Plastic Brazil<\/a> \u00e9 poss\u00edvel dar mais <strong>visibilidade<\/strong> nas iniciativas internacionais. Como resultado, a empresa faz presen\u00e7a com <strong>produtos inovadores<\/strong> no mercado nacional e internacional.<br><br>Deseja conhecer mais sobre as nossas solu\u00e7\u00f5es? <a href=\"https:\/\/jaguarembalagens.com.br\/en\/jaguar-embalagens\/\">Veja aqui<\/a> mais informa\u00e7\u00f5es.<\/p>","protected":false},"excerpt":{"rendered":"<p>Acreditamos na for\u00e7a do mercado brasileiro e nas oportunidades que se podem gerar levando nossa qualidade de trabalho ao mundo. Por isso, queremos compartilhar alguns dos momentos mais significativos dentro da Jaguar Pl\u00e1sticos. Com ajuda do time de exporta\u00e7\u00e3o, participamos nas feiras internacionais Expo Pack \u2013 M\u00e9xico, Latin Pack &#8211; Chile e a Envase \u2013 [&hellip;]<\/p>","protected":false},"author":2,"featured_media":17202,"comment_status":"closed","ping_status":"open","sticky":false,"template":"","format":"standard","meta":{"_joinchat":[],"footnotes":""},"categories":[114],"tags":[],"class_list":["post-5594","post","type-post","status-publish","format-standard","has-post-thumbnail","hentry","category-lancamentos"],"_links":{"self":[{"href":"https:\/\/jaguarembalagens.com.br\/en\/wp-json\/wp\/v2\/posts\/5594","targetHints":{"allow":["GET"]}}],"collection":[{"href":"https:\/\/jaguarembalagens.com.br\/en\/wp-json\/wp\/v2\/posts"}],"about":[{"href":"https:\/\/jaguarembalagens.com.br\/en\/wp-json\/wp\/v2\/types\/post"}],"author":[{"embeddable":true,"href":"https:\/\/jaguarembalagens.com.br\/en\/wp-json\/wp\/v2\/users\/2"}],"replies":[{"embeddable":true,"href":"https:\/\/jaguarembalagens.com.br\/en\/wp-json\/wp\/v2\/comments?post=5594"}],"version-history":[{"count":1,"href":"https:\/\/jaguarembalagens.com.br\/en\/wp-json\/wp\/v2\/posts\/5594\/revisions"}],"predecessor-version":[{"id":18528,"href":"https:\/\/jaguarembalagens.com.br\/en\/wp-json\/wp\/v2\/posts\/5594\/revisions\/18528"}],"wp:featuredmedia":[{"embeddable":true,"href":"https:\/\/jaguarembalagens.com.br\/en\/wp-json\/wp\/v2\/media\/17202"}],"wp:attachment":[{"href":"https:\/\/jaguarembalagens.com.br\/en\/wp-json\/wp\/v2\/media?parent=5594"}],"wp:term":[{"taxonomy":"category","embeddable":true,"href":"https:\/\/jaguarembalagens.com.br\/en\/wp-json\/wp\/v2\/categories?post=5594"},{"taxonomy":"post_tag","embeddable":true,"href":"https:\/\/jaguarembalagens.com.br\/en\/wp-json\/wp\/v2\/tags?post=5594"}],"curies":[{"name":"wp","href":"https:\/\/api.w.org\/{rel}","templated":true}]}}